{"id":11986,"date":"2020-05-11T18:20:10","date_gmt":"2020-05-11T16:20:10","guid":{"rendered":"https:\/\/testwp.money.sk\/novinky-a-tipy\/nezaradene\/ochorenia-covid-19-podnikanie-vlada-vyhlasila-mimoriadnu-situaciu-nudzovy-stav-ake-opatrenia-cakaju-podnikatelov-ale-aj-nepodnikatelov\/"},"modified":"2023-06-26T11:02:45","modified_gmt":"2023-06-26T09:02:45","slug":"ochorenia-covid-19-podnikanie-vlada-vyhlasila-mimoriadnu-situaciu-nudzovy-stav-ake-opatrenia-cakaju-podnikatelov-ale-aj-nepodnikatelov","status":"publish","type":"post","link":"https:\/\/www.money.sk\/novinky-a-tipy\/podnikanie\/ochorenia-covid-19-podnikanie-vlada-vyhlasila-mimoriadnu-situaciu-nudzovy-stav-ake-opatrenia-cakaju-podnikatelov-ale-aj-nepodnikatelov\/","title":{"rendered":"Ochorenia COVID-19 a podnikanie: Vl\u00e1da vyhl\u00e1sila mimoriadnu situ\u00e1ciu a n\u00fadzov\u00fd stav. Ak\u00e9 opatrenia \u010dakaj\u00fa podnikate\u013eov, ale aj nepodnikate\u013eov?"},"content":{"rendered":"<div class=\"info-box\">\n<p>\n\t\t<i class=\"fa fa-info\" aria-hidden=\"true\"><\/i>\n\t<\/p>\n<p style=\"margin-top: 18px;\">Inform\u00e1cie s\u00fa aktu\u00e1lne k 11. 5. 2020.<\/p>\n<\/div>\n<h2>Vl\u00e1da vyhl\u00e1sila mimoriadnu situ\u00e1ciu a\u00a0n\u00fadzov\u00fd stav.\u00a0<\/h2>\n<p>Vo \u0161tvrtok <strong>12. marca 2020<\/strong> predch\u00e1dzalo n\u00fadzov\u00e9mu stavu vyhl\u00e1senie <strong>mimoriadnej situ\u00e1cie<\/strong>. T\u00fa vl\u00e1da vyhl\u00e1sila, aby zaistila ochranu zdravia, \u017eivota a majetku ob\u010danov Slovenska pred n\u00e1sledkami pand\u00e9mie.\u00a0<\/p>\n<p>Mimoriadna situ\u00e1cia uklad\u00e1 fyzick\u00fdm a pr\u00e1vnick\u00fdm osob\u00e1m <strong>dodato\u010dn\u00e9 povinnosti<\/strong>. Podnikate\u013eom zasiahne do povinnost\u00ed napr\u00edklad t\u00fdm, \u017ee:<\/p>\n<ul>\n<li>zatvor\u00ed niektor\u00e9 prev\u00e1dzky (kult\u00farne zariadenia)<\/li>\n<li>obmedz\u00ed ich prev\u00e1dzku (n\u00e1kupn\u00e9 centr\u00e1)<\/li>\n<li>vyu\u017eije ich kapacitu v\u00fdhradne pre \u013eud\u00ed v n\u00fadzi (ubytovacie zariadenia).\u00a0<\/li>\n<\/ul>\n<h2>Prev\u00e1dzky, ktor\u00e9 mali do teraz v\u00fdnimku <\/h2>\n<p>Prev\u00e1dzky a slu\u017eby, ktor\u00fdm vl\u00e1da povo\u013eovala otvorenie od 16. 3. 2020:<\/p>\n<ul>\n<li>predajne potrav\u00edn, m\u00e4sa, chleba a\u00a0pe\u010diva, ovocia a\u00a0zeleniny, predajne potrav\u00edn na osobitn\u00e9 v\u00fd\u017eivov\u00e9 \u00fa\u010dely pre doj\u010dat\u00e1 a\u00a0mal\u00e9 deti a\u00a0predajne na osobitn\u00e9 lek\u00e1rske \u00fa\u010dely<\/li>\n<li>lek\u00e1rne a v\u00fddajne zdravotn\u00fdch pom\u00f4cok<\/li>\n<li>predajne drog\u00e9rie<\/li>\n<li>\u010derpacie stanice<\/li>\n<li>predajne nov\u00edn a\u00a0tla\u010dov\u00edn<\/li>\n<li>predajne s\u00a0krmivom pre zvierat\u00e1 a\u00a0veterin\u00e1rne ambulancie<\/li>\n<li>prev\u00e1dzky telekomunika\u010dn\u00fdch oper\u00e1torov<\/li>\n<li>prev\u00e1dzky verejn\u00e9ho stravovania a\u00a0st\u00e1nkov s\u00a0r\u00fdchlym ob\u010derstven\u00edm (bez pr\u00edtomnosti verejnosti)<\/li>\n<li>prev\u00e1dzky po\u0161tov\u00fdch, bankov\u00fdch a\u00a0pois\u0165ovac\u00edch slu\u017eieb<\/li>\n<li>prev\u00e1dzky internetov\u00fdch obchodov a\u00a0don\u00e1\u0161kov\u00fdch slu\u017eieb<\/li>\n<li>pohrebn\u00e9 slu\u017eby, slu\u017eby pohrebiska a\u00a0kremat\u00f3ria<\/li>\n<li>autoservisy, pneuservisy a\u00a0od\u0165ahovacie slu\u017eby<\/li>\n<li>taxislu\u017eby vykon\u00e1vaj\u00face prepravu vec\u00ed a\u00a0slu\u017eieb<\/li>\n<li>pr\u00e1\u010dovne a\u00a0\u010distiarne odevov\u00a0<\/li>\n<\/ul>\n<p>Od 30.3.2020 sa k tejto v\u00fdnimke pridali aj tieto prev\u00e1dzky a slu\u017eby:<\/p>\n<ul>\n<li>o\u010dn\u00e9 optiky<\/li>\n<li>slu\u017eby STK a\u00a0emisnej kontroly<\/li>\n<li>leasingov\u00e9 slu\u017eby<\/li>\n<li>predajne a\u00a0servis bicyklov<\/li>\n<li>not\u00e1ri a\u00a0advok\u00e1ti<\/li>\n<li>stavebniny, z\u00e1hradn\u00edctva<\/li>\n<li>galant\u00e9rie, metrov\u00fd textil<\/li>\n<li>farby, laky<\/li>\n<li>elektroin\u0161tala\u010dn\u00e9 slu\u017eby<\/li>\n<li>\u017eeleziarstva<\/li>\n<li>zbern\u00e9 dvory<\/li>\n<li>servis v\u00fdpo\u010dtovej a\u00a0telekomunika\u010dnej techniky<\/li>\n<li>k\u013e\u00fa\u010dov\u00e9 slu\u017eby\u00a0<\/li>\n<\/ul>\n<h2>Za\u010d\u00edna postupn\u00e9 uvo\u013e\u0148ovanie opatren\u00ed <\/h2>\n<p>\u0160t\u00e1t za\u010dal s\u202fpostupn\u00fdm uvo\u013e\u0148ovan\u00edm prijat\u00fdch opatren\u00ed. Pl\u00e1novan\u00fd je n\u00e1vrat do stavu \u201enorm\u00e1lneho\u201c fungovania, ktor\u00fd bude prebieha\u0165 v\u202f4 etap\u00e1ch. Vl\u00e1da pozmenila aj \u0161peci\u00e1lny \u010dasov\u00fd r\u00e1mec na prednostn\u00fd n\u00e1kup seniorov nad 65 rokov, ktor\u00fd sa od 22.4. upravuje na \u010das od 9:00 do 11:00 iba v pracovn\u00e9 dni. <\/p>\n<p><strong>1 etapa<\/strong> za\u010d\u00edna <strong>22. 4.<\/strong>, od tohto d\u00e1tumu sa op\u00e4\u0165 spr\u00edstup\u0148uj\u00fa: <\/p>\n<ul>\n<li>obchody s rozlohou do 300m<sup>2<\/sup><\/li>\n<li>slu\u017eby s rozlohou prev\u00e1dzky do 300m<sup>2<\/sup><\/li>\n<li>verejn\u00e9 stravovanie \u2013 cez predajn\u00e9 okienko <\/li>\n<li>vonkaj\u0161ie \u0161portovisk\u00e1 (IBA bezkontaktn\u00e9 \u0161porty, BEZ obecenstva, \u0161atn\u00ed, WC) <\/li>\n<li>ubytovania (IBA dlhodob\u00e9, bez stravy)<\/li>\n<li>vonkaj\u0161ie trhovisk\u00e1<\/li>\n<li>Predaj automobilov, vozidiel, vr\u00e1tane autobaz\u00e1rov<\/li>\n<li>Prev\u00e1dzky <strong>v n\u00e1kupn\u00fdch centr\u00e1ch<\/strong> musia by\u0165 st\u00e1le <strong>zatvoren\u00e9<\/strong><\/li>\n<\/ul>\n<p>Vzh\u013eadom na priazniv\u00fd v\u00fdvoj ur\u00fdch\u013euje \u0161t\u00e1t uvo\u013e\u0148ovanie ekonomiky \u2013 p\u00f4vodne pl\u00e1novan\u00e1 <strong>2. a 3. etapa<\/strong> uvo\u013e\u0148ovania <strong>sa sp\u00fa\u0161\u0165a naraz. Od 6. m\u00e1ja<\/strong> u\u017e m\u00f4\u017eu by\u0165 otvoren\u00e9 v\u0161etky obchodn\u00e9 prev\u00e1dzky bez oh\u013eadu na rozlohu predajne, vr\u00e1tane mal\u00fdch obchodn\u00fdch centier, ktor\u00e9 maj\u00fa do 35 prev\u00e1dzok.<\/p>\n<p><strong>Svoje slu\u017eby u\u017e m\u00f4\u017eu poskytova\u0165 aj:<\/strong><\/p>\n<ul>\n<li>prev\u00e1dzky kadern\u00edctiev, holi\u010dstiev, kozmetiky, manik\u00fary, pedik\u00fary, sol\u00e1ri\u00ed, \u010di mas\u00e9ri,<\/li>\n<li>taxislu\u017eby prepravuj\u00face osoby,<\/li>\n<li>auto\u0161koly,<\/li>\n<li>hotely a\u202fin\u00e9 ubytovacie zariadenia (iba priestory so samostatn\u00fdm soci\u00e1lnym zariaden\u00edm),<\/li>\n<li>letn\u00e9 terasy stravovac\u00edch zariaden\u00ed,<\/li>\n<li>kni\u017enice, gal\u00e9rie, m\u00faze\u00e1, zoo aj vonkaj\u0161ie turistick\u00e9 atrakcie.<\/li>\n<p>\u202f <\/ul>\n<p>\u0160t\u00e1t okrem vy\u0161\u0161ie spomenut\u00e9ho\u202f<strong>povolil aj konanie bohoslu\u017eieb<\/strong> s\u202f\u00fa\u010das\u0165ou verejnosti, a rovnako tak aj <strong>svadieb<\/strong>. Tak\u00e9to zhroma\u017edenia si v\u0161ak vy\u017eaduj\u00fa <strong>spr\u00edsnen\u00e9 opatrenia<\/strong>, ako povinn\u00e9 nosenie r\u00fa\u0161ok, dezinfekciu r\u00fak, \u010di nutnos\u0165 pou\u017e\u00edvania ochrann\u00fdch rukav\u00edc a taktie\u017e dvojmetrov\u00e9 rozostupy medzi z\u00fa\u010dastnen\u00fdmi osobami.\u202f <\/p>\n<p>Na\u010falej <strong>zost\u00e1vaj\u00fa zatvoren\u00e9<\/strong> ve\u013ek\u00e9 obchodn\u00e9 centr\u00e1, kin\u00e1, divadl\u00e1, k\u00fapalisk\u00e1, welness a\u202fpod.\u202fPrechod do <strong>4. poslednej etapy<\/strong> ru\u0161enia obmedzen\u00ed je <strong>predbe\u017ene pl\u00e1novan\u00fd na 20. 5.<\/strong> \u010ci sa v\u202fdanom term\u00edne zrealizuje bude z\u00e1visie\u0165 od aktu\u00e1lnych pr\u00edrastkov po\u010dtu nakazen\u00fdch. \u202f <\/p>\n<h2>Opatrenia dot\u00fdkaj\u00face sa soci\u00e1lnych slu\u017eieb\u00a0<\/h2>\n<p><strong>Od 25.3.<\/strong> sa do\u010dasne pozastavuje aj poskytovanie soci\u00e1lnych slu\u017eieb, v\u00a0<strong>zariadeniach soci\u00e1lnych slu\u017eieb s\u00a0ambulantnou formou<\/strong>. Z\u00e1rove\u0148 sa prikazuje poskytovate\u013eom soci\u00e1lnych slu\u017eieb d\u00f4sledne dodr\u017eiava\u0165 hygienicko-epidemiologick\u00fd re\u017eim. Pozastavenie \u010dinnosti plat\u00ed pre tieto zariadenia:\u00a0<\/p>\n<ul>\n<li>denn\u00e9 stacion\u00e1re<\/li>\n<li>zariadenia pre seniorov s ambulantnou formou soci\u00e1lnej slu\u017eby<\/li>\n<li>zariadenia opatrovate\u013eskej slu\u017eby s ambulantnou formou soci\u00e1lnej slu\u017eby<\/li>\n<li>rehabilita\u010dn\u00e9 stredisk\u00e1 s ambulantnou formou soci\u00e1lnej slu\u017eby<\/li>\n<li>\u0161pecializovan\u00e9 zariadenia s ambulantnou formou soci\u00e1lnej slu\u017eby<\/li>\n<li>domovy soci\u00e1lnych slu\u017eieb s ambulantnou formou soci\u00e1lnej slu\u017eby<\/li>\n<li>denn\u00e9 centr\u00e1 (b\u00fdval\u00e9 \u201ekluby d\u00f4chodcov\u201c)<\/li>\n<li>zariadenia starostlivosti o deti do troch rokov veku die\u0165a\u0165a (b\u00fdval\u00e9 \u201edetsk\u00e9 jasle\u201c)\u00a0<\/li>\n<\/ul>\n<p>Opatrenia, ktor\u00e9 uzatv\u00e1raj\u00fa prev\u00e1dzky so slu\u017ebami, zrejme smeruj\u00fa zatia\u013e len na tie podniky, ktor\u00e9 poskytuj\u00fa slu\u017eby <strong>koncov\u00fdm z\u00e1kazn\u00edkom<\/strong>. Konkr\u00e9tne v\u00fdnimky ustanoven\u00e9 nie s\u00fa, a preto bude musie\u0165 vl\u00e1da tieto opatrenia priebe\u017ene vysvet\u013eova\u0165.\u00a0<\/p>\n<h2>Nepodnikate\u013esk\u00e9 opatrenia<\/h2>\n<p>\u0160t\u00e1t nariadil v\u0161etk\u00fdm ob\u010danom <strong>povinnos\u0165 nosi\u0165 ochrann\u00e9 r\u00fa\u0161ka<\/strong>, ktor\u00e9 zakr\u00fdvaj\u00fa nos aj \u00fasta. T\u00ed, ktor\u00ed toto nariadenie nebud\u00fa dodr\u017eova\u0165, bud\u00fa pokutovan\u00ed. Okrem toho, sa a\u017e do odvolania <strong>ru\u0161\u00ed bezplatn\u00e1, vlakov\u00e1 doprava pre \u0161tudentov<\/strong>. T\u00fdmto opatren\u00edm chce \u0161t\u00e1t zamedzi\u0165 nezodpovedn\u00e9mu cestovaniu a\u00a0n\u00e1sledn\u00e9mu roz\u0161irovaniu ochorenia. Ak bude nutn\u00e9, toto obmedzenie sa zavedie aj na bezplatn\u00fa, vlakov\u00fa dopravu pre d\u00f4chodcov. A\u00a0nakoniec dobr\u00e1 spr\u00e1va a\u00a0to je to, \u017ee sa <strong>roz\u0161\u00edrili kapacity testovania<\/strong> na ochorenie COVID-19. K\u00a0\u0161t\u00e1tnym laborat\u00f3ri\u00e1m sa pridali aj s\u00fakromn\u00e9. Po\u010det \u013eud\u00ed, ktor\u00fdch zdravotn\u00edci stihn\u00fa otestova\u0165 za 1 de\u0148 sa bl\u00ed\u017ei k 3000.\u00a0<\/p>\n<p>\u00a0<\/p>\n<hr \/>\n<p>\u010eal\u0161ie inform\u00e1cie n\u00e1jdete na <a href=\"https:\/\/www.uvzsr.sk\/\" target=\"_blank\" rel=\"noopener noreferrer\">webe \u00daradu verejn\u00e9ho zdravotn\u00edctva SR<\/a>.<\/p>\n<p>Pripraven\u00e9 v\u00a0spolupr\u00e1ci s\u00a0A&amp;T solutions.<\/p>\n<p>\u00a0<\/p>\n","protected":false},"excerpt":{"rendered":"<p>Inform\u00e1cie s\u00fa aktu\u00e1lne k 11. 5. 2020. Vl\u00e1da vyhl\u00e1sila mimoriadnu situ\u00e1ciu a\u00a0n\u00fadzov\u00fd stav.\u00a0 Vo \u0161tvrtok 12. marca 2020 predch\u00e1dzalo n\u00fadzov\u00e9mu stavu vyhl\u00e1senie mimoriadnej situ\u00e1cie. T\u00fa &#8230;<\/p>\n","protected":false},"author":2,"featured_media":11987,"comment_status":"closed","ping_status":"closed","sticky":false,"template":"","format":"standard","meta":{"_acf_changed":false,"inline_featured_image":false,"footnotes":""},"categories":[29,5],"tags":[178,796,387,795],"class_list":["post-11986","post","type-post","status-publish","format-standard","has-post-thumbnail","hentry","category-legislativa","category-podnikanie","tag-covid-19","tag-opatrenia","tag-podnikanie","tag-vlada"],"acf":[],"_links":{"self":[{"href":"https:\/\/www.money.sk\/novinky-a-tipy\/wp-json\/wp\/v2\/posts\/11986","targetHints":{"allow":["GET"]}}],"collection":[{"href":"https:\/\/www.money.sk\/novinky-a-tipy\/wp-json\/wp\/v2\/posts"}],"about":[{"href":"https:\/\/www.money.sk\/novinky-a-tipy\/wp-json\/wp\/v2\/types\/post"}],"author":[{"embeddable":true,"href":"https:\/\/www.money.sk\/novinky-a-tipy\/wp-json\/wp\/v2\/users\/2"}],"replies":[{"embeddable":true,"href":"https:\/\/www.money.sk\/novinky-a-tipy\/wp-json\/wp\/v2\/comments?post=11986"}],"version-history":[{"count":1,"href":"https:\/\/www.money.sk\/novinky-a-tipy\/wp-json\/wp\/v2\/posts\/11986\/revisions"}],"predecessor-version":[{"id":13289,"href":"https:\/\/www.money.sk\/novinky-a-tipy\/wp-json\/wp\/v2\/posts\/11986\/revisions\/13289"}],"wp:featuredmedia":[{"embeddable":true,"href":"https:\/\/www.money.sk\/novinky-a-tipy\/wp-json\/wp\/v2\/media\/11987"}],"wp:attachment":[{"href":"https:\/\/www.money.sk\/novinky-a-tipy\/wp-json\/wp\/v2\/media?parent=11986"}],"wp:term":[{"taxonomy":"category","embeddable":true,"href":"https:\/\/www.money.sk\/novinky-a-tipy\/wp-json\/wp\/v2\/categories?post=11986"},{"taxonomy":"post_tag","embeddable":true,"href":"https:\/\/www.money.sk\/novinky-a-tipy\/wp-json\/wp\/v2\/tags?post=11986"}],"curies":[{"name":"wp","href":"https:\/\/api.w.org\/{rel}","templated":true}]}}