{"id":16081,"date":"2025-07-01T17:09:33","date_gmt":"2025-07-01T15:09:33","guid":{"rendered":"https:\/\/www.money.sk\/novinky-a-tipy\/?p=16081"},"modified":"2025-07-01T17:41:57","modified_gmt":"2025-07-01T15:41:57","slug":"zmeny-a-novinky-money-s3-verzie-25-600","status":"publish","type":"post","link":"https:\/\/www.money.sk\/novinky-a-tipy\/novinky-v-money\/zmeny-a-novinky-money-s3-verzie-25-600\/","title":{"rendered":"Zmeny a novinky Money S3 verzie 25.600"},"content":{"rendered":"<h2>Hromadn\u00e9 pre\u00fa\u010dtovanie dokladov v jednoduchom \u00fa\u010dtovn\u00edctve<\/h2>\n<ul>\n<li>Funkciu <strong>Hromadn\u00e9 pre\u00fa\u010dtovanie<\/strong> dokladov sme spr\u00edstupnili aj<strong> pre agendy v jednoduchom \u00fa\u010dtovn\u00edctve<\/strong>. Roz\u0161\u00edrili sme aj mo\u017enosti samotn\u00e9ho pre\u00fa\u010dtovania &#8211; od verzie 25.600 m\u00f4\u017eete hromadne pre\u00fa\u010dtov\u00e1va\u0165 aj z\u00e1lohov\u00e9 fakt\u00fary a na jednotliv\u00fdch dokladoch meni\u0165 pokladnicu a banku.<\/li>\n<\/ul>\n<h2>Nov\u00fd vzor da\u0148ov\u00e9ho priznania k DPH od 1.7.2025<\/h2>\n<ul>\n<li>Pre obdobia od 1.7.2025 plat\u00ed<strong> nov\u00fd vzor Da\u0148ov\u00e9ho priznania k dani z pridanej hodnoty DPHv25<\/strong>. Prv\u00fdkr\u00e1t sa nov\u00fd vzor pou\u017eije pri podan\u00ed da\u0148ov\u00e9ho priznania k DPH <strong>za J\u00fal 2025 (tzn. do 25.8.2025)<\/strong>. V novom vzore doch\u00e1dza najm\u00e4 k nasledovn\u00fdm zmen\u00e1m:\n<ul>\n<li><strong>DPH a\u00a0z\u00e1klad za ka\u017ed\u00fa zn\u00ed\u017een\u00fa sadzbu sa vykazuje v samostatn\u00fdch riadkoch<\/strong> (napr. riadok 01, v ktorom sa vykazovali z\u00e1klady pri tuzemskom dodan\u00ed za obe zn\u00ed\u017een\u00e9 sadzby spolu sa v novom vzore roz\u010dlenil na riadky 01 (pre z\u00e1klad 19% sadzby) a riadok 01a, v ktorom sa bude vykazova\u0165 z\u00e1klad 5 % sadzby.<\/li>\n<li>Pribudli <strong>nov\u00e9 riadky s\u00favisiace so samozdanen\u00edm pri dovoze tovaru<\/strong> do tuzemska pod\u013ea \u00a7 84a ods. 2. Ide o riadky 11c, 11d, 11e, resp. 12c, 12d, 12e pre vykazovanie da\u0148ovej povinnosti a riadky 23a, 23b, 23c pre uplatnen\u00fa da\u0148 v \u010dlenen\u00ed pod\u013ea sadzieb.<\/li>\n<\/ul>\n<\/li>\n<li>V s\u00favislosti s uveden\u00fdmi zmenami sme doplnili nov\u00e9 obdobie DPH s platnos\u0165ou od 1.7.2025. Pre uveden\u00e9 obdobie sme pridali dve <strong>nov\u00e9<\/strong> <em>\u010clenenia DPH<\/em> ur\u010den\u00e9 pre reverse charge pri dovoze <strong>25P R23ABC <\/strong>(Dovoz tovaru do tuzemska, pri ktorom sa uhr\u00e1dza da\u0148) a <strong>25U R11CDE <\/strong>(Da\u0148 uplatnen\u00e1 pri dovoze)<strong>.<\/strong> Pre ostatn\u00e9 riadky sa \u010dlenenia DPH nemenia, tzn. <strong>zost\u00e1vaj\u00fa v platnosti rovnak\u00e9 \u010dlenenia DPH ako pri vzore DPHv21 (s prefixom &#8222;21&#8220;).<\/strong><\/li>\n<li>K dispoz\u00edcii je formul\u00e1r da\u0148ov\u00e9ho priznania pod n\u00e1zvom DPHv25.FRM, ktor\u00fd sa pri tla\u010di <strong>Priznania za obdobie 2025<\/strong> automaticky prednastav\u00ed . Pripravili sme tla\u010d do origin\u00e1lneho tla\u010diva, ktor\u00fa spust\u00edte pomocou funkcie <em>Nastavenie tla\u010de \/ Tla\u010divo MF SR.<\/em><\/li>\n<li>Zaktualizovali sme <strong>priamy export nov\u00e9ho vzoru<\/strong> <em>Da\u0148ov\u00e9ho priznania k DPH<\/em> do aplik\u00e1cie <em>eDane\/Win, eDane\/Java <\/em>a do s\u00faboru pre elektronick\u00e9 podanie na port\u00e1li Finan\u010dnej spr\u00e1vy. Po novom <strong>Money automaticky ur\u010d\u00ed formul\u00e1r<\/strong>, do ktor\u00e9ho sa m\u00e1 exportovan\u00fd s\u00fabor <strong>v aplik\u00e1cii eDane <\/strong>na\u010d\u00edta\u0165.<\/li>\n<\/ul>\n<div class=\"warning-box\">\n<p class=\"fa\">\n<p class=\"pt-4\"><strong>UPOZORNENIE:<\/strong> Nov\u00fd vzor Da\u0148ov\u00e9ho priznania DPHv25 nebol ku d\u0148u uzatvorenia verzie 25.600 v aplik\u00e1ci\u00e1ch eDane\/Win,Java dostupn\u00fd. Priamy export bude mo\u017en\u00fd a\u017e po spr\u00edstupnen\u00ed nov\u00e9ho formul\u00e1ra zo strany Finan\u010dnej spr\u00e1vy.<\/p>\n<\/div>\n<h2>Nov\u00e9 funkcie v module Mzdy a personalistika<\/h2>\n<h3>Automatick\u00fd v\u00fdpo\u010det n\u00e1rokov na dovolenku<\/h3>\n<ul>\n<li>Doplnili sme <strong>automaticky v\u00fdpo\u010det n\u00e1rokov na dovolenku<\/strong>. Po novom program pri v\u00fdpo\u010dte bude zoh\u013ead\u0148ova\u0165 trvanie pracovn\u00e9ho pomeru v r\u00e1mci kalend\u00e1rneho roka, rozsah pracovn\u00e9ho \u00fav\u00e4zku \u010di nepr\u00edtomnosti pre kr\u00e1tenie dovolenky.<\/li>\n<li>V\u0161etky \u00fadaje t\u00fdkaj\u00face sa dovolenky sa teraz <strong>zobrazuj\u00fa na samostatnej z\u00e1lo\u017eke Dovolenka<\/strong> na <em>Karte zamestnanca<\/em>\/Pracovn\u00fd pomer:\n<ul>\n<li>Na z\u00e1lo\u017eke ur\u010d\u00edte, \u010di zamestnanec <strong>m\u00e1 n\u00e1rok<\/strong> na dovolenku a jeho <strong>pracovn\u00fd rozvrh<\/strong>.<\/li>\n<li>Pridali sme <strong>nastavenia plnej ro\u010dnej v\u00fdmery dovolenky<\/strong> &#8211; evidova\u0165 m\u00f4\u017eete z\u00e1kladn\u00fa v\u00fdmera v t\u00fd\u017ed\u0148och a d\u0148och pod\u013ea pracovn\u00e9ho \u00fav\u00e4zku a zada\u0165 obdobie starostlivosti o die\u0165a.<\/li>\n<li><strong>V\u00fdpo\u010det n\u00e1rokov<\/strong> na dovolenku <strong>je volite\u013en\u00fd<\/strong>. M\u00f4\u017eete ho spusti\u0165 ru\u010dne alebo pomocou prep\u00edna\u010da <em>Automaticky prepo\u010d\u00edta\u0165 n\u00e1rok pri vytv\u00e1ran\u00ed mzdy. <\/em>Ak je prep\u00edna\u010d zapnut\u00fd program prepo\u010d\u00edta n\u00e1rok na dovolenku a kr\u00e1tenie dovolenky v\u017edy pri spracovan\u00ed miezd.<\/li>\n<\/ul>\n<\/li>\n<\/ul>\n<div class=\"info-box\">\n<p class=\"fa\">\n<p class=\"pt-2\"><strong>POZN\u00c1MKA:<\/strong> Na kart\u00e1ch s\u00fa\u010dasn\u00fdch zamestnancov bude po prechode na verziu 25.600 prep\u00edna\u010d vypnut\u00fd. Automatick\u00fd prepo\u010det a \u010fal\u0161ie \u00fadaje pre v\u00fdpo\u010det dovolenky m\u00f4\u017eete zamestnancom nastavi\u0165 hromadne pomocou funkcie Hromadn\u00e9 zmeny \/ Obdobie pracovn\u00e9ho pomeru.<\/p>\n<\/div>\n<ul>\n<li>Nastavenia <strong>z\u00e1kladnej v\u00fdmery dovolenky<\/strong> sme doplnili do <em>Legislat\u00edvy miezd<\/em> pod\u013ea aktu\u00e1lnych noriem (<strong>4 t\u00fd\u017edne<\/strong> pre zamestnancov do 33 rokov, <strong>5 t\u00fd\u017ed\u0148ov<\/strong> pre zamestnancov nad 33 rokov). Ak poskytujete zamestnancom vy\u0161\u0161iu v\u00fdmeru dovolenky, je mo\u017en\u00e9 tieto \u00fadaje v <em>Legislat\u00edve miezd<\/em> upravi\u0165 pod\u013ea potreby.<\/li>\n<\/ul>\n<h3>Nepr\u00edtomnosti pod\u013ea rokov<\/h3>\n<ul>\n<li>Pre lep\u0161iu preh\u013eadnos\u0165 sme zoznam <em>Nepr\u00edtomnost\u00ed <\/em>rozdelili do listov <strong>pod\u013ea jednotliv\u00fdch rokov<\/strong><\/li>\n<\/ul>\n<h3>Zv\u00fd\u0161enie nepostihnute\u013en\u00fdch s\u00fam pre exek\u00facie od 1.7.2025<\/h3>\n<ul>\n<li>Od 1. 7. 2025 sa zvy\u0161uje suma \u017eivotn\u00e9ho minima (z\u00e1kladn\u00e1 suma pre 1 plnolet\u00fa fyzick\u00fa osobu je od j\u00fala 284,13 EUR) a rovnako <strong>sa menia<\/strong> aj <strong>nepostihnute\u013en\u00e9 sumy pri v\u00fdpo\u010dte exek\u00faci\u00ed<\/strong>. Do Legislat\u00edvy miezd sme pridali nov\u00e9 nastavenie platn\u00e9 pre <strong>mzdy od j\u00fala 2025<\/strong>, ktor\u00e9 tieto zmeny zoh\u013ead\u0148uje.<\/li>\n<\/ul>\n<h2>V\u00fdmena d\u00e1t<\/h2>\n<ul>\n<li><strong>S3Api sme roz\u0161\u00edrili o nov\u00e9 objekty. <\/strong>Teraz m\u00f4\u017eete zapisova\u0165 a \u010d\u00edta\u0165 <strong>poh\u013ead\u00e1vky, z\u00e1v\u00e4zky, intern\u00e9 doklady<\/strong>. Po novom je mo\u017en\u00e9 zapisova\u0165 aj podklady pre mzdy, ako je doch\u00e1dzka a \u010d\u00edta\u0165 inform\u00e1cie o zamestnancoch.<\/li>\n<li>Pre doklady so skladovou polo\u017ekou, ktor\u00e9 s\u00fa svojou povahou pr\u00edjmov\u00e9, podporujeme <strong>import ozna\u010denia a d\u00e1tumu exspir\u00e1cie dod\u00e1vok<\/strong>. Import je mo\u017en\u00e9 vykona\u0165 XML importom a importom z Excelu.<\/li>\n<\/ul>\n","protected":false},"excerpt":{"rendered":"<p>Hromadn\u00e9 pre\u00fa\u010dtovanie dokladov v jednoduchom \u00fa\u010dtovn\u00edctve Funkciu Hromadn\u00e9 pre\u00fa\u010dtovanie dokladov sme spr\u00edstupnili aj pre agendy v jednoduchom \u00fa\u010dtovn\u00edctve. Roz\u0161\u00edrili sme aj mo\u017enosti samotn\u00e9ho pre\u00fa\u010dtovania &#8211; &#8230;<\/p>\n","protected":false},"author":2,"featured_media":13557,"comment_status":"closed","ping_status":"closed","sticky":false,"template":"","format":"standard","meta":{"_acf_changed":false,"inline_featured_image":false,"footnotes":""},"categories":[4,3],"tags":[58],"class_list":["post-16081","post","type-post","status-publish","format-standard","has-post-thumbnail","hentry","category-novinky-v-money","category-produktove-novinky","tag-money-s3"],"acf":[],"_links":{"self":[{"href":"https:\/\/www.money.sk\/novinky-a-tipy\/wp-json\/wp\/v2\/posts\/16081","targetHints":{"allow":["GET"]}}],"collection":[{"href":"https:\/\/www.money.sk\/novinky-a-tipy\/wp-json\/wp\/v2\/posts"}],"about":[{"href":"https:\/\/www.money.sk\/novinky-a-tipy\/wp-json\/wp\/v2\/types\/post"}],"author":[{"embeddable":true,"href":"https:\/\/www.money.sk\/novinky-a-tipy\/wp-json\/wp\/v2\/users\/2"}],"replies":[{"embeddable":true,"href":"https:\/\/www.money.sk\/novinky-a-tipy\/wp-json\/wp\/v2\/comments?post=16081"}],"version-history":[{"count":7,"href":"https:\/\/www.money.sk\/novinky-a-tipy\/wp-json\/wp\/v2\/posts\/16081\/revisions"}],"predecessor-version":[{"id":16097,"href":"https:\/\/www.money.sk\/novinky-a-tipy\/wp-json\/wp\/v2\/posts\/16081\/revisions\/16097"}],"wp:featuredmedia":[{"embeddable":true,"href":"https:\/\/www.money.sk\/novinky-a-tipy\/wp-json\/wp\/v2\/media\/13557"}],"wp:attachment":[{"href":"https:\/\/www.money.sk\/novinky-a-tipy\/wp-json\/wp\/v2\/media?parent=16081"}],"wp:term":[{"taxonomy":"category","embeddable":true,"href":"https:\/\/www.money.sk\/novinky-a-tipy\/wp-json\/wp\/v2\/categories?post=16081"},{"taxonomy":"post_tag","embeddable":true,"href":"https:\/\/www.money.sk\/novinky-a-tipy\/wp-json\/wp\/v2\/tags?post=16081"}],"curies":[{"name":"wp","href":"https:\/\/api.w.org\/{rel}","templated":true}]}}